{"id":22764,"date":"2026-07-21T13:09:41","date_gmt":"2026-07-21T11:09:41","guid":{"rendered":"https:\/\/www.infunda.com\/plazos-de-entrega-en-la-industria-del-tejido-que-esperar-de-un-proveedor-de-barcelona-vs-asia\/"},"modified":"2026-07-22T09:02:58","modified_gmt":"2026-07-22T07:02:58","slug":"plazos-de-entrega-en-la-industria-del-tejido-que-esperar-de-un-proveedor-de-barcelona-vs-asia","status":"publish","type":"post","link":"https:\/\/www.infunda.com\/ca\/plazos-de-entrega-en-la-industria-del-tejido-que-esperar-de-un-proveedor-de-barcelona-vs-asia\/","title":{"rendered":"Dates de Servei en la Ind\u00fastria del Teixit: Qu\u00e8 Esperar d&#8217;un Prove\u00efdor de Barcelona vs. \u00c0sia"},"content":{"rendered":"\n<p class=\"wp-block-paragraph\">Quan un fabricant de peces o una marca de roba laboral cerca teixits de punt, el termini de lliurament rarament \u00e9s l&#8217;\u00fanica variable \u2014 per\u00f2 sovint \u00e9s la que trenca un pla de producci\u00f3.<\/p>\n\n<p class=\"wp-block-paragraph\">Aquest article posa les xifres sobre la taula. No estimacions \u2014 realitats del sector.<\/p>\n\n<h2 class=\"wp-block-heading\">La cadena de subministrament asi\u00e0tica est\u00e0ndard: com \u00e9s realment<\/h2>\n\n<p class=\"wp-block-paragraph\">Un cicle de comanda t\u00edpic amb un prove\u00efdor de teixit de punt circular a la Xina o el Sud-est Asi\u00e0tic \u00e9s el seg\u00fcent:<\/p>\n\n<figure class=\"wp-block-table\"><table class=\"has-fixed-layout\"><tbody><tr><td><em>Etapa<\/em><\/td><td><em>Temps<\/em><\/td><\/tr><tr><td>Confirmaci\u00f3 de comanda + aprovisionament de fil<\/td><td>2\u20133 setmanes<\/td><\/tr><tr><td>Teixedoria + tintura + acabat<\/td><td>3\u20135 setmanes<\/td><\/tr><tr><td>Control de qualitat + embalatge<\/td><td>1 setmana<\/td><\/tr><tr><td>Flet mar\u00edtim (Xangai \u2192 Barcelona)<\/td><td>4\u20135 setmanes<\/td><\/tr><tr><td>Despatx de duanes + lliurament interior<\/td><td>1\u20132 setmanes<\/td><\/tr><tr><td><strong>Total<\/strong><\/td><td><strong>11\u201316 setmanes<\/strong><\/td><\/tr><\/tbody><\/table><\/figure>\n\n<p class=\"wp-block-paragraph\">De 3 a 4 mesos des de la comanda fins al teixit a la teva taula de tall. En condicions normals.<\/p>\n\n<p class=\"wp-block-paragraph\">Afegeix-hi congesti\u00f3 portu\u00e0ria, escassetat de fil o un cicle de festius \u2014 i 16 setmanes es converteixen en 20.<\/p>\n\n<h2 class=\"wp-block-heading\">La cadena de subministrament europea: una l\u00f2gica diferent<\/h2>\n\n<p class=\"wp-block-paragraph\">Un prove\u00efdor de teixit de punt amb seu a Barcelona, amb tintatge i acabat propis, canvia l&#8217;equaci\u00f3 de manera significativa:<\/p>\n\n<figure class=\"wp-block-table\"><table class=\"has-fixed-layout\"><tbody><tr><td><em>Etapa<\/em><\/td><td><em>Temps<\/em><\/td><\/tr><tr><td>Confirmaci\u00f3 de comanda<\/td><td>1\u20133 dies<\/td><\/tr><tr><td>Teixidoria + tintura + acabat (a planta pr\u00f2pia)<\/td><td>3-4 setmanes<\/td><\/tr><tr><td>Control de qualitat<\/td><td>Integrat \u2014 sense demora addicional<\/td><\/tr><tr><td>Transport per carretera (Barcelona \u2192 Europa)<\/td><td>2-5 dies<br\/><\/td><\/tr><tr><td><strong>Total<\/strong><\/td><td><strong>4-6 setmanes<\/strong><\/td><\/tr><\/tbody><\/table><\/figure>\n\n<p class=\"wp-block-paragraph\">La difer\u00e8ncia estructural no \u00e9s nom\u00e9s de temps \u2014 \u00e9s de controlabilitat. Quan la teixidoria, el tintatge i l&#8217;acabat tenen lloc sota un mateix sostre, no hi ha traspassos entre prove\u00efdors, ni transport entre f\u00e0briques, ni especificacions de qualitat desalineades.<\/p>\n\n<p class=\"wp-block-paragraph\">Per a un fabricant de roba laboral que planifica un lliurament de licitaci\u00f3, o per a una marca de moda que gestiona llan\u00e7aments estacionals, aquesta difer\u00e8ncia no \u00e9s marginal. \u00c9s estrat\u00e8gica.<\/p>\n\n<h2 class=\"wp-block-heading\">Servei d&#8217;estoc: la variable que ho canvia tot<\/h2>\n\n<p class=\"wp-block-paragraph\">Els c\u00e0lculs de termini anteriors assumeixen producci\u00f3 sota comanda. Per\u00f2 per a construccions de teixit est\u00e0ndard \u2014 especialment folres de punt i capes base en poli\u00e8ster \u2014 la disponibilitat en estoc elimina completament la finestra de producci\u00f3.<\/p>\n\n<p class=\"wp-block-paragraph\">Un prove\u00efdor que mant\u00e9 m\u00e9s de 90 colors en estoc, en rotllos de longitud est\u00e0ndard, converteix una comanda de 3 setmanes en un enviament de 3 dies.<\/p>\n\n<p class=\"wp-block-paragraph\">Per als clients que s&#8217;abasteixen des d&#8217;\u00c0sia, aquesta opci\u00f3 simplement no existeix al mateix nivell de qualitat. Les comandes m\u00ednimes, els llargs terminis de producci\u00f3 i la impossibilitat de reposicions petites fan de la flexibilitat en estoc un avantatge estructural del subministrament europeu.<\/p>\n\n<h2 class=\"wp-block-heading\">Els costos ocults dels terminis llargs<\/h2>\n\n<p class=\"wp-block-paragraph\">El termini de lliurament no \u00e9s nom\u00e9s una variable de planificaci\u00f3. T\u00e9 un impacte financer directe que rarament apareix a la comparaci\u00f3 de preu per metre:<\/p>\n\n<p class=\"wp-block-paragraph\"><strong>Capital circulant:<\/strong> Un termini de 14 setmanes significa capital immobilitzat en comandes durant 3,5 mesos abans que el teixit arribi. Als costos de finan\u00e7ament actuals, aix\u00f2 t\u00e9 un preu real.<\/p>\n\n<p class=\"wp-block-paragraph\"><strong>Estoc de seguretat:<\/strong> Per compensar els terminis imprevisibles del subministrament asi\u00e0tic, els compradors han de mantenir un estoc de seguretat significativament major. Costos d&#8217;emmagatzematge, assegurances i capital immobilitzat en s\u00f3n les conseq\u00fc\u00e8ncies directes.<\/p>\n\n<p class=\"wp-block-paragraph\"><strong>Flet aeri de rescat:<\/strong> Quan una comanda asi\u00e0tica arriba tard i una l\u00ednia de producci\u00f3 est\u00e0 esperant, el flet aeri \u00e9s l&#8217;\u00fanica opci\u00f3. A un cost 6\u20138 vegades superior al flet mar\u00edtim, un sol enviament d&#8217;urg\u00e8ncia pot esborrar mesos d&#8217;avantatge en preu.<\/p>\n\n<p class=\"wp-block-paragraph\"><strong>Risc d&#8217;obsolesc\u00e8ncia:<\/strong> En moda i roba laboral t\u00e8cnica, un teixit que arriba 8 setmanes tard pot arribar a una temporada diferent o despr\u00e9s que una licitaci\u00f3 ja s&#8217;hagi adjudicat.<\/p>\n\n<h2 class=\"wp-block-heading\">CO\u2082 i ESG: la dimensi\u00f3 de la tra\u00e7abilitat<\/h2>\n\n<p class=\"wp-block-paragraph\">Per a les marques europees amb compromisos de sostenibilitat \u2014 i cada vegada m\u00e9s per a la contractaci\u00f3 p\u00fablica a Espanya, Fran\u00e7a i Alemanya \u2014 la petjada de carboni de la cadena de subministrament ja no \u00e9s un argument de m\u00e0rqueting. \u00c9s un requisit de compliment.<\/p>\n\n<p class=\"wp-block-paragraph\">El flet mar\u00edtim de la Xina a Barcelona genera aproximadament 1,8\u20132,2 kg de CO\u2082 per kg de mercaderia. El transport per carretera de Barcelona a una f\u00e0brica d&#8217;Europa Central: aproximadament 0,05\u20130,08 kg de CO\u2082 per kg. El transport per carretera de Barcelona a una f\u00e0brica d&#8217;Europa Central: aproximadament 0,05\u20130,08 kg de CO\u2082 per kg.<\/p>\n\n<p class=\"wp-block-paragraph\">La difer\u00e8ncia \u00e9s un factor de 25\u201340\u00d7.<\/p>\n\n<p class=\"wp-block-paragraph\">Per a una marca que publica una Declaraci\u00f3 Ambiental de Producte (DAP) o un fabricant de peces que respon a una licitaci\u00f3 p\u00fablica amb criteris mediambientals, aix\u00f2 no \u00e9s un detall. \u00c9s una l\u00ednia al barem de puntuaci\u00f3.<\/p>\n\n<p class=\"wp-block-paragraph\">El poli\u00e8ster reciclat certificat GRS produ\u00eft a Barcelona, enviat per carretera a un fabricant de roba laboral alemany, \u00e9s un producte fonamentalment diferent \u2014 des del punt de vista del compliment normatiu \u2014 que la mateixa especificaci\u00f3 de teixit abastida des d&#8217;\u00c0sia.<\/p>\n\n<h2 class=\"wp-block-heading\">Quan segueix tenint sentit l&#8217;aprovisionament asi\u00e0tic?<\/h2>\n\n<p class=\"wp-block-paragraph\">Aquest no \u00e9s un argument contra l&#8217;aprovisionament global. \u00c9s un argument per triar el model de subministrament adequat per al producte adequat.<\/p>\n\n<p class=\"wp-block-paragraph\">L&#8217;aprovisionament asi\u00e0tic segueix sent competitiu quan:<\/p>\n\n<ul class=\"wp-block-list\">\n<li>Els volums s\u00f3n prou grans per absorbir els llargs terminis en cicles de producci\u00f3 planificats<\/li>\n\n\n\n<li>L&#8217;especificaci\u00f3 del teixit est\u00e0 completament estandarditzada, sense desenvolupament necessari<\/li>\n\n\n\n<li>El preu per metre \u00e9s el criteri de compra dominant<\/li>\n\n\n\n<li>Els requisits d&#8217;ESG i tra\u00e7abilitat s\u00f3n inexistents o m\u00ednims<\/li>\n<\/ul>\n\n<p class=\"wp-block-paragraph\">L&#8217;aprovisionament europeu \u00e9s estructuralment superior quan:<\/p>\n\n<ul class=\"wp-block-list\">\n<li>La flexibilitat en el termini de lliurament \u00e9s un requisit de producci\u00f3<\/li>\n\n\n\n<li>La certificaci\u00f3 i la tra\u00e7abilitat s\u00f3n requisits del client o regulatoris<\/li>\n\n\n\n<li>Cal desenvolupament i co-creaci\u00f3 d&#8217;especificacions de teixit<\/li>\n\n\n\n<li>La petjada de carboni \u00e9s una variable de puntuaci\u00f3 en la contractaci\u00f3<\/li>\n<\/ul>\n\n<h2 class=\"wp-block-heading\">Qu\u00e8 significa aix\u00f2 a la pr\u00e0ctica<\/h2>\n\n<p class=\"wp-block-paragraph\">A Infunda, hem estructurat la nostra oferta exactament al voltant d&#8217;aquestes variables:<\/p>\n\n<ul class=\"wp-block-list\">\n<li>Teixidoria, tintura i acabat propis a Castellbisbal (Barcelona) \u2014 una sola unitat de producci\u00f3, sense traspassos<\/li>\n\n\n\n<li>Servei d&#8217;estoc: m\u00e9s de 90 colors en folres de punt, poli\u00e8ster reciclat GRS, disponibilitat immediata<\/li>\n\n\n\n<li>Transport per carretera a Europa Central: 2\u20135 dies<\/li>\n\n\n\n<li>Certificacions actives: OEKO-TEX Standard 100, GRS, GOTS, ISO 9001, ISO 14001<\/li>\n\n\n\n<li>Assajos de laboratori segons UNE-EN ISO 105-B02:2014 en cada lot de producci\u00f3<\/li>\n<\/ul>\n\n<p class=\"wp-block-paragraph\">Si fabriques moda, roba laboral o productes t\u00e8cnics a Europa i est\u00e0s revisant la teva cadena de subministrament de teixits: les xifres anteriors s\u00f3n el punt de partida per a una conversa realista.<\/p>\n\n<p class=\"wp-block-paragraph\"><em>Infunda S.A. \u2014 Teixits de punt fabricats a Barcelona<\/em><br\/><em><a href=\"mailto:comercial@infunda.com\">comercial@infunda.com<\/a> \u00b7 +34 937 721 708<\/em><\/p>\n","protected":false},"excerpt":{"rendered":"<p>Quan un fabricant de peces o una marca de roba laboral cerca teixits de punt, el termini de lliurament rarament \u00e9s l&#8217;\u00fanica variable \u2014 per\u00f2 sovint \u00e9s la que trenca&hellip;<\/p>\n","protected":false},"author":2,"featured_media":22754,"comment_status":"open","ping_status":"open","sticky":false,"template":"","format":"standard","meta":{"footnotes":""},"categories":[232],"tags":[],"class_list":["post-22764","post","type-post","status-publish","format-standard","has-post-thumbnail","hentry","category-industria-textil-2"],"_links":{"self":[{"href":"https:\/\/www.infunda.com\/ca\/wp-json\/wp\/v2\/posts\/22764","targetHints":{"allow":["GET"]}}],"collection":[{"href":"https:\/\/www.infunda.com\/ca\/wp-json\/wp\/v2\/posts"}],"about":[{"href":"https:\/\/www.infunda.com\/ca\/wp-json\/wp\/v2\/types\/post"}],"author":[{"embeddable":true,"href":"https:\/\/www.infunda.com\/ca\/wp-json\/wp\/v2\/users\/2"}],"replies":[{"embeddable":true,"href":"https:\/\/www.infunda.com\/ca\/wp-json\/wp\/v2\/comments?post=22764"}],"version-history":[{"count":4,"href":"https:\/\/www.infunda.com\/ca\/wp-json\/wp\/v2\/posts\/22764\/revisions"}],"predecessor-version":[{"id":22770,"href":"https:\/\/www.infunda.com\/ca\/wp-json\/wp\/v2\/posts\/22764\/revisions\/22770"}],"wp:featuredmedia":[{"embeddable":true,"href":"https:\/\/www.infunda.com\/ca\/wp-json\/wp\/v2\/media\/22754"}],"wp:attachment":[{"href":"https:\/\/www.infunda.com\/ca\/wp-json\/wp\/v2\/media?parent=22764"}],"wp:term":[{"taxonomy":"category","embeddable":true,"href":"https:\/\/www.infunda.com\/ca\/wp-json\/wp\/v2\/categories?post=22764"},{"taxonomy":"post_tag","embeddable":true,"href":"https:\/\/www.infunda.com\/ca\/wp-json\/wp\/v2\/tags?post=22764"}],"curies":[{"name":"wp","href":"https:\/\/api.w.org\/{rel}","templated":true}]}}